{"id":232,"date":"2014-09-23T17:24:47","date_gmt":"2014-09-23T09:24:47","guid":{"rendered":"https:\/\/weecke.com\/?p=232"},"modified":"2019-12-13T13:12:31","modified_gmt":"2019-12-13T05:12:31","slug":"vapor-your-life-waporyzator-tytoniowy-weecke-blyszczy-na-inter-tabac-2014","status":"publish","type":"post","link":"https:\/\/weecke.com\/pl\/vapor-your-life-waporyzator-tytoniowy-weecke-blyszczy-na-inter-tabac-2014\/","title":{"rendered":"Uporaj swoje \u017cycie, WEECKE \u2013 waporyzator tytoniowy zab\u0142ysn\u0105\u0142 na targach INTER-TABAC 2014"},"content":{"rendered":"<p><img fetchpriority=\"high\" decoding=\"async\" class=\"aligncenter size-full wp-image-233\" src=\"https:\/\/weecke.com\/wp-content\/uploads\/\u672a\u6807\u9898-1.jpg\" alt=\"Uporaj swoje \u017cycie, WEECKE \u2013 waporyzator tytoniowy zab\u0142ysn\u0105\u0142 na targach INTER-TABAC 2014\" width=\"800\" height=\"2300\" srcset=\"https:\/\/weecke.com\/wp-content\/uploads\/\u672a\u6807\u9898-1.jpg 800w, https:\/\/weecke.com\/wp-content\/uploads\/\u672a\u6807\u9898-1-104x300.jpg 104w, https:\/\/weecke.com\/wp-content\/uploads\/\u672a\u6807\u9898-1-356x1024.jpg 356w\" sizes=\"(max-width: 800px) 100vw, 800px\" \/><\/p>\n<p>Inter-Tabac 2014, coroczna wystawa wyrob\u00f3w tytoniowych i akcesori\u00f3w do palenia, zosta\u0142a z sukcesem zorganizowana w Dortmundzie w dniach 19-21 wrze\u015bnia 2014 r. Wiod\u0105cy profesjonalny projektant i producent e-papieros\u00f3w Weecke wzi\u0105\u0142 udzia\u0142 w wystawie wraz ze swoj\u0105 oryginaln\u0105 mark\u0105 Amanoo, Weecke.<\/p>\n<p>Podczas tej mi\u0119dzynarodowej wystawy firma Weecke zaprezentowa\u0142a kompleksowo najnowsze produkty technologiczne, takie jak <a title=\"C Vapor, waporyzator tytoniowy\" href=\"https:\/\/weecke.com\/pl\/c-vapor\/\" target=\"_blank\" rel=\"noopener noreferrer\"><strong>C-vapor<\/strong><\/a> , HOLO, g\u0142owica e-sziszy, a tak\u017ce wysok\u0105 jako\u015b\u0107 us\u0142ug i unikaln\u0105 kultur\u0119 przedsi\u0119biorstwa klientom. Wielu potencjalnych klient\u00f3w odwiedzi\u0142o stoisko Weecke w celach biznesowych, szczeg\u00f3lnie zainteresowanych nowo zaprojektowanym waporyzatorem tytoniowym C vapor, nowym urz\u0105dzeniem e-papierosowym HOLO oraz g\u0142owic\u0105 e-sziszy. Wierzymy, \u017ce po wystawie Inter-Tobaco 2014 firma Weecke pozyska warto\u015bciowych partner\u00f3w.<\/p>","protected":false},"excerpt":{"rendered":"<p>Inter-Tabac 2014, coroczna wystawa wyrob\u00f3w tytoniowych i akcesori\u00f3w do palenia, zosta\u0142a z sukcesem zorganizowana w Dortmundzie w dniach 19\u201321 wrze\u015bnia 2014 roku. Wiod\u0105cy projektant i producent e-papieros\u00f3w Weecke wzi\u0105\u0142 udzia\u0142 w targach wraz ze swoimi oryginalnymi markami Amanoo i Weecke. Podczas tej mi\u0119dzynarodowej wystawy, Weecke zaprezentowa\u0142 kompletn\u0105 ofert\u0119 najnowszych produkt\u00f3w technologicznych, takich jak C-vapor, HOLO, E [\u2026]<\/p>","protected":false},"author":1,"featured_media":234,"comment_status":"open","ping_status":"open","sticky":false,"template":"","format":"standard","meta":{"footnotes":""},"categories":[93],"tags":[19,32],"class_list":["post-232","post","type-post","status-publish","format-standard","has-post-thumbnail","hentry","category-industry-news","tag-vapor-2","tag-weecke-tobacco-vaporizer"],"views":12690,"_links":{"self":[{"href":"https:\/\/weecke.com\/pl\/wp-json\/wp\/v2\/posts\/232","targetHints":{"allow":["GET"]}}],"collection":[{"href":"https:\/\/weecke.com\/pl\/wp-json\/wp\/v2\/posts"}],"about":[{"href":"https:\/\/weecke.com\/pl\/wp-json\/wp\/v2\/types\/post"}],"author":[{"embeddable":true,"href":"https:\/\/weecke.com\/pl\/wp-json\/wp\/v2\/users\/1"}],"replies":[{"embeddable":true,"href":"https:\/\/weecke.com\/pl\/wp-json\/wp\/v2\/comments?post=232"}],"version-history":[{"count":4,"href":"https:\/\/weecke.com\/pl\/wp-json\/wp\/v2\/posts\/232\/revisions"}],"predecessor-version":[{"id":15400,"href":"https:\/\/weecke.com\/pl\/wp-json\/wp\/v2\/posts\/232\/revisions\/15400"}],"wp:featuredmedia":[{"embeddable":true,"href":"https:\/\/weecke.com\/pl\/wp-json\/wp\/v2\/media\/234"}],"wp:attachment":[{"href":"https:\/\/weecke.com\/pl\/wp-json\/wp\/v2\/media?parent=232"}],"wp:term":[{"taxonomy":"category","embeddable":true,"href":"https:\/\/weecke.com\/pl\/wp-json\/wp\/v2\/categories?post=232"},{"taxonomy":"post_tag","embeddable":true,"href":"https:\/\/weecke.com\/pl\/wp-json\/wp\/v2\/tags?post=232"}],"curies":[{"name":"wp","href":"https:\/\/api.w.org\/{rel}","templated":true}]}}